{"id":1231,"date":"2010-03-10T10:58:02","date_gmt":"2010-03-10T18:58:02","guid":{"rendered":"http:\/\/pulsion.inner-voices.net\/fr\/?p=1231"},"modified":"2014-11-25T20:15:05","modified_gmt":"2014-11-26T04:15:05","slug":"souhait-du-mercredi-a-quoi-souhaite-je-dire-non","status":"publish","type":"post","link":"https:\/\/inner-voices.net\/fr\/2010\/03\/10\/souhait-du-mercredi-a-quoi-souhaite-je-dire-non\/","title":{"rendered":"Souhait du Mercredi: A quoi souhaite-je dire &quot;non&quot; ?"},"content":{"rendered":"<p><img decoding=\"async\" class=\"alignleft size-full wp-image-1235\" src=\"http:\/\/pulsion.inner-voices.net\/wp-content\/uploads\/2010\/03\/wishcasting.jpg\" alt=\"\" width=\"150\" height=\"182\" \/>\ufeff\ufeffAujourd&#8217;hui, <a href=\"http:\/\/jamieridlerstudios.ca\/wishcasting-wednesday-march-10\" target=\"_blank\">Jamie<\/a> nous demande \u00e0 quoi nous avons d\u00e9cid\u00e9 de dire &#8220;non&#8221;. Cela fait \u00e9cho \u00e0 une vid\u00e9o que j&#8217;ai regard\u00e9e sur Facebook gr\u00e2ce \u00e0 <a href=\"http:\/\/lescrapdemyriam.canalblog.com\/\" target=\"_blank\">Myriam<\/a>.<\/p>\n<p>Je sais \u00e0 quel point \u00a0il est parfois difficile de s&#8217;affirmer et de dire &#8220;non&#8221; aux gens que l&#8217;on aime, ou m\u00eame tout simplement. Peur de d\u00e9cevoir, de passer pour quelqu&#8217;un d&#8217;\u00e9go\u00efste ou peu importe, c&#8217;est difficile. Souvent, on accepte quelque chose puis quelques instants apr\u00e8s on se rend compte que pour X ou Y raison on n&#8217;aurait pas d\u00fb.<\/p>\n<p>Pour une fois, je n&#8217;ai pas eu besoin de longuement r\u00e9fl\u00e9chir pour trouver le souhait que je d\u00e9sire lancer.<\/p>\n<h3><span style=\"color: #b312ec\">Je souhaite dire &#8220;non&#8221; \u00e0 toutes les excuses que je me trouve\u00a0<span style=\"color: #000000;font-weight: normal;font-size: 13px\">et qui font que je reste bloqu\u00e9e.<\/span><\/span><\/h3>\n<p><em>Je n&#8217;ai pas le temps <\/em>(excuse qui revient le plus souvent chez tout le monde !)<br \/>\n<em>Je ne sais pas comment faire.<\/em><br \/>\n<em>Je ne suis pas suffisamment dou\u00e9e, je n&#8217;y arriverai pas.<\/em><br \/>\n<em>Ce n&#8217;est pas comme je voulais que cela soit (donc j&#8217;arr\u00eate avant d&#8217;avoir r\u00e9ellement commenc\u00e9).<\/em><br \/>\nBlah<br \/>\nBlah<br \/>\nBlah<\/p>\n<p>Il y a toujours une bonne raison pour ne pas finir quelque chose, parfois m\u00eame ne pas commencer DU TOUT. Je veux me sortir de ce cercle vicieux et n\u00e9gatif.<\/p>\n<p>Le livre de Dr Wayne Dyer sur les <a href=\"http:\/\/www.amazon.fr\/gp\/product\/2813200700?ie=UTF8&amp;tag=pulsiondevie-21&amp;linkCode=as2&amp;camp=1642&amp;creative=6746&amp;creativeASIN=2813200700\" target=\"_blank\">excuses<\/a> pourrait m&#8217;\u00eatre utile sur ce coup \ud83d\ude09<\/p>\n","protected":false},"excerpt":{"rendered":"<p>\ufeff\ufeffAujourd&#8217;hui, Jamie nous demande \u00e0 quoi nous avons d\u00e9cid\u00e9 de dire &#8220;non&#8221;. Cela fait \u00e9cho \u00e0 une vid\u00e9o que j&#8217;ai regard\u00e9e sur Facebook gr\u00e2ce \u00e0 Myriam. Je sais \u00e0 quel point \u00a0il est parfois difficile de s&#8217;affirmer et de dire &#8220;non&#8221; aux gens que l&#8217;on aime, ou m\u00eame tout simplement. Peur de d\u00e9cevoir, de passer &#8230;<\/p>\n","protected":false},"author":1,"featured_media":0,"comment_status":"open","ping_status":"open","sticky":false,"template":"","format":"standard","meta":{"qubely_global_settings":"","qubely_interactions":"","_monsterinsights_skip_tracking":false,"_monsterinsights_sitenote_active":false,"_monsterinsights_sitenote_note":"","_monsterinsights_sitenote_category":0,"footnotes":""},"categories":[34,39],"tags":[63],"class_list":["post-1231","post","type-post","status-publish","format-standard","hentry","category-introspection","category-wishcasting-wednesday-introspection","tag-wishcasting-wednesday"],"qubely_featured_image_url":null,"qubely_author":{"display_name":"Nolwenn","author_link":"https:\/\/inner-voices.net\/fr\/author\/nolwenn\/"},"qubely_comment":9,"qubely_category":"<a href=\"https:\/\/inner-voices.net\/fr\/category\/etre\/introspection\/\" rel=\"category tag\">Introspection<\/a> <a href=\"https:\/\/inner-voices.net\/fr\/category\/etre\/introspection\/wishcasting-wednesday-introspection\/\" rel=\"category tag\">Souhait du Mercredi<\/a>","qubely_excerpt":"\ufeff\ufeffAujourd&#8217;hui, Jamie nous demande \u00e0 quoi nous avons d\u00e9cid\u00e9 de dire &#8220;non&#8221;. Cela fait \u00e9cho \u00e0 une vid\u00e9o que j&#8217;ai regard\u00e9e sur Facebook gr\u00e2ce \u00e0 Myriam. Je sais \u00e0 quel point \u00a0il est parfois difficile de s&#8217;affirmer et de dire &#8220;non&#8221; aux gens que l&#8217;on aime, ou m\u00eame tout simplement. Peur de d\u00e9cevoir, de passer&hellip;","yoast_head":"<!-- This site is optimized with the Yoast SEO plugin v27.4 - https:\/\/yoast.com\/product\/yoast-seo-wordpress\/ -->\n<title>Souhait du Mercredi: A quoi souhaite-je dire &quot;non&quot; ? - Voix interieures<\/title>\n<meta name=\"robots\" content=\"index, follow, max-snippet:-1, max-image-preview:large, max-video-preview:-1\" \/>\n<link rel=\"canonical\" href=\"https:\/\/inner-voices.net\/fr\/2010\/03\/10\/souhait-du-mercredi-a-quoi-souhaite-je-dire-non\/\" \/>\n<meta property=\"og:locale\" content=\"fr_FR\" \/>\n<meta property=\"og:type\" content=\"article\" \/>\n<meta property=\"og:title\" content=\"Souhait du Mercredi: A quoi souhaite-je dire &quot;non&quot; ? - Voix interieures\" \/>\n<meta property=\"og:description\" content=\"\ufeff\ufeffAujourd&#8217;hui, Jamie nous demande \u00e0 quoi nous avons d\u00e9cid\u00e9 de dire &#8220;non&#8221;. Cela fait \u00e9cho \u00e0 une vid\u00e9o que j&#8217;ai regard\u00e9e sur Facebook gr\u00e2ce \u00e0 Myriam. Je sais \u00e0 quel point \u00a0il est parfois difficile de s&#8217;affirmer et de dire &#8220;non&#8221; aux gens que l&#8217;on aime, ou m\u00eame tout simplement. Peur de d\u00e9cevoir, de passer ...\" \/>\n<meta property=\"og:url\" content=\"https:\/\/inner-voices.net\/fr\/2010\/03\/10\/souhait-du-mercredi-a-quoi-souhaite-je-dire-non\/\" \/>\n<meta property=\"og:site_name\" content=\"Voix interieures\" \/>\n<meta property=\"article:published_time\" content=\"2010-03-10T18:58:02+00:00\" \/>\n<meta property=\"article:modified_time\" content=\"2014-11-26T04:15:05+00:00\" \/>\n<meta property=\"og:image\" content=\"http:\/\/pulsion.inner-voices.net\/wp-content\/uploads\/2010\/03\/wishcasting.jpg\" \/>\n<meta name=\"author\" content=\"Nolwenn\" \/>\n<meta name=\"twitter:card\" content=\"summary_large_image\" \/>\n<meta name=\"twitter:creator\" content=\"@nolwennp\" \/>\n<meta name=\"twitter:label1\" content=\"Written by\" \/>\n\t<meta name=\"twitter:data1\" content=\"Nolwenn\" \/>\n\t<meta name=\"twitter:label2\" content=\"Est. reading time\" \/>\n\t<meta name=\"twitter:data2\" content=\"1 minute\" \/>\n<script type=\"application\/ld+json\" class=\"yoast-schema-graph\">{\"@context\":\"https:\\\/\\\/schema.org\",\"@graph\":[{\"@type\":\"Article\",\"@id\":\"https:\\\/\\\/inner-voices.net\\\/fr\\\/2010\\\/03\\\/10\\\/souhait-du-mercredi-a-quoi-souhaite-je-dire-non\\\/#article\",\"isPartOf\":{\"@id\":\"https:\\\/\\\/inner-voices.net\\\/fr\\\/2010\\\/03\\\/10\\\/souhait-du-mercredi-a-quoi-souhaite-je-dire-non\\\/\"},\"author\":{\"name\":\"Nolwenn\",\"@id\":\"https:\\\/\\\/inner-voices.net\\\/fr\\\/#\\\/schema\\\/person\\\/db0aa57810e3544bc1baf42aebe03ae6\"},\"headline\":\"Souhait du Mercredi: A quoi souhaite-je dire &quot;non&quot; ?\",\"datePublished\":\"2010-03-10T18:58:02+00:00\",\"dateModified\":\"2014-11-26T04:15:05+00:00\",\"mainEntityOfPage\":{\"@id\":\"https:\\\/\\\/inner-voices.net\\\/fr\\\/2010\\\/03\\\/10\\\/souhait-du-mercredi-a-quoi-souhaite-je-dire-non\\\/\"},\"wordCount\":242,\"commentCount\":9,\"image\":{\"@id\":\"https:\\\/\\\/inner-voices.net\\\/fr\\\/2010\\\/03\\\/10\\\/souhait-du-mercredi-a-quoi-souhaite-je-dire-non\\\/#primaryimage\"},\"thumbnailUrl\":\"http:\\\/\\\/pulsion.inner-voices.net\\\/wp-content\\\/uploads\\\/2010\\\/03\\\/wishcasting.jpg\",\"keywords\":[\"Wishcasting Wednesday\"],\"articleSection\":[\"Introspection\",\"Souhait du Mercredi\"],\"inLanguage\":\"fr-FR\",\"potentialAction\":[{\"@type\":\"CommentAction\",\"name\":\"Comment\",\"target\":[\"https:\\\/\\\/inner-voices.net\\\/fr\\\/2010\\\/03\\\/10\\\/souhait-du-mercredi-a-quoi-souhaite-je-dire-non\\\/#respond\"]}]},{\"@type\":\"WebPage\",\"@id\":\"https:\\\/\\\/inner-voices.net\\\/fr\\\/2010\\\/03\\\/10\\\/souhait-du-mercredi-a-quoi-souhaite-je-dire-non\\\/\",\"url\":\"https:\\\/\\\/inner-voices.net\\\/fr\\\/2010\\\/03\\\/10\\\/souhait-du-mercredi-a-quoi-souhaite-je-dire-non\\\/\",\"name\":\"Souhait du Mercredi: A quoi souhaite-je dire &quot;non&quot; ? - Voix interieures\",\"isPartOf\":{\"@id\":\"https:\\\/\\\/inner-voices.net\\\/fr\\\/#website\"},\"primaryImageOfPage\":{\"@id\":\"https:\\\/\\\/inner-voices.net\\\/fr\\\/2010\\\/03\\\/10\\\/souhait-du-mercredi-a-quoi-souhaite-je-dire-non\\\/#primaryimage\"},\"image\":{\"@id\":\"https:\\\/\\\/inner-voices.net\\\/fr\\\/2010\\\/03\\\/10\\\/souhait-du-mercredi-a-quoi-souhaite-je-dire-non\\\/#primaryimage\"},\"thumbnailUrl\":\"http:\\\/\\\/pulsion.inner-voices.net\\\/wp-content\\\/uploads\\\/2010\\\/03\\\/wishcasting.jpg\",\"datePublished\":\"2010-03-10T18:58:02+00:00\",\"dateModified\":\"2014-11-26T04:15:05+00:00\",\"author\":{\"@id\":\"https:\\\/\\\/inner-voices.net\\\/fr\\\/#\\\/schema\\\/person\\\/db0aa57810e3544bc1baf42aebe03ae6\"},\"breadcrumb\":{\"@id\":\"https:\\\/\\\/inner-voices.net\\\/fr\\\/2010\\\/03\\\/10\\\/souhait-du-mercredi-a-quoi-souhaite-je-dire-non\\\/#breadcrumb\"},\"inLanguage\":\"fr-FR\",\"potentialAction\":[{\"@type\":\"ReadAction\",\"target\":[\"https:\\\/\\\/inner-voices.net\\\/fr\\\/2010\\\/03\\\/10\\\/souhait-du-mercredi-a-quoi-souhaite-je-dire-non\\\/\"]}]},{\"@type\":\"ImageObject\",\"inLanguage\":\"fr-FR\",\"@id\":\"https:\\\/\\\/inner-voices.net\\\/fr\\\/2010\\\/03\\\/10\\\/souhait-du-mercredi-a-quoi-souhaite-je-dire-non\\\/#primaryimage\",\"url\":\"http:\\\/\\\/pulsion.inner-voices.net\\\/wp-content\\\/uploads\\\/2010\\\/03\\\/wishcasting.jpg\",\"contentUrl\":\"http:\\\/\\\/pulsion.inner-voices.net\\\/wp-content\\\/uploads\\\/2010\\\/03\\\/wishcasting.jpg\"},{\"@type\":\"BreadcrumbList\",\"@id\":\"https:\\\/\\\/inner-voices.net\\\/fr\\\/2010\\\/03\\\/10\\\/souhait-du-mercredi-a-quoi-souhaite-je-dire-non\\\/#breadcrumb\",\"itemListElement\":[{\"@type\":\"ListItem\",\"position\":1,\"name\":\"Home\",\"item\":\"https:\\\/\\\/inner-voices.net\\\/fr\\\/\"},{\"@type\":\"ListItem\",\"position\":2,\"name\":\"Souhait du Mercredi: A quoi souhaite-je dire &quot;non&quot; ?\"}]},{\"@type\":\"WebSite\",\"@id\":\"https:\\\/\\\/inner-voices.net\\\/fr\\\/#website\",\"url\":\"https:\\\/\\\/inner-voices.net\\\/fr\\\/\",\"name\":\"Voix interieures\",\"description\":\"Trouvez votre Voix Int\u00e9rieure \u00e0 travers la Cr\u00e9ativit\u00e9.\",\"potentialAction\":[{\"@type\":\"SearchAction\",\"target\":{\"@type\":\"EntryPoint\",\"urlTemplate\":\"https:\\\/\\\/inner-voices.net\\\/fr\\\/?s={search_term_string}\"},\"query-input\":{\"@type\":\"PropertyValueSpecification\",\"valueRequired\":true,\"valueName\":\"search_term_string\"}}],\"inLanguage\":\"fr-FR\"},{\"@type\":\"Person\",\"@id\":\"https:\\\/\\\/inner-voices.net\\\/fr\\\/#\\\/schema\\\/person\\\/db0aa57810e3544bc1baf42aebe03ae6\",\"name\":\"Nolwenn\",\"image\":{\"@type\":\"ImageObject\",\"inLanguage\":\"fr-FR\",\"@id\":\"https:\\\/\\\/secure.gravatar.com\\\/avatar\\\/5e66a53a034a32f2b2a8eb010d24fdb1d67b068229796082fabc79ed886c7a8b?s=96&d=identicon&r=g\",\"url\":\"https:\\\/\\\/secure.gravatar.com\\\/avatar\\\/5e66a53a034a32f2b2a8eb010d24fdb1d67b068229796082fabc79ed886c7a8b?s=96&d=identicon&r=g\",\"contentUrl\":\"https:\\\/\\\/secure.gravatar.com\\\/avatar\\\/5e66a53a034a32f2b2a8eb010d24fdb1d67b068229796082fabc79ed886c7a8b?s=96&d=identicon&r=g\",\"caption\":\"Nolwenn\"},\"sameAs\":[\"http:\\\/\\\/inner-voices.net\",\"http:\\\/\\\/www.instagram.com\\\/nolwennp\",\"https:\\\/\\\/x.com\\\/nolwennp\"],\"url\":\"https:\\\/\\\/inner-voices.net\\\/fr\\\/author\\\/nolwenn\\\/\"}]}<\/script>\n<!-- \/ Yoast SEO plugin. -->","yoast_head_json":{"title":"Souhait du Mercredi: A quoi souhaite-je dire &quot;non&quot; ? - Voix interieures","robots":{"index":"index","follow":"follow","max-snippet":"max-snippet:-1","max-image-preview":"max-image-preview:large","max-video-preview":"max-video-preview:-1"},"canonical":"https:\/\/inner-voices.net\/fr\/2010\/03\/10\/souhait-du-mercredi-a-quoi-souhaite-je-dire-non\/","og_locale":"fr_FR","og_type":"article","og_title":"Souhait du Mercredi: A quoi souhaite-je dire &quot;non&quot; ? - Voix interieures","og_description":"\ufeff\ufeffAujourd&#8217;hui, Jamie nous demande \u00e0 quoi nous avons d\u00e9cid\u00e9 de dire &#8220;non&#8221;. Cela fait \u00e9cho \u00e0 une vid\u00e9o que j&#8217;ai regard\u00e9e sur Facebook gr\u00e2ce \u00e0 Myriam. Je sais \u00e0 quel point \u00a0il est parfois difficile de s&#8217;affirmer et de dire &#8220;non&#8221; aux gens que l&#8217;on aime, ou m\u00eame tout simplement. Peur de d\u00e9cevoir, de passer ...","og_url":"https:\/\/inner-voices.net\/fr\/2010\/03\/10\/souhait-du-mercredi-a-quoi-souhaite-je-dire-non\/","og_site_name":"Voix interieures","article_published_time":"2010-03-10T18:58:02+00:00","article_modified_time":"2014-11-26T04:15:05+00:00","og_image":[{"url":"http:\/\/pulsion.inner-voices.net\/wp-content\/uploads\/2010\/03\/wishcasting.jpg","type":"","width":"","height":""}],"author":"Nolwenn","twitter_card":"summary_large_image","twitter_creator":"@nolwennp","twitter_misc":{"Written by":"Nolwenn","Est. reading time":"1 minute"},"schema":{"@context":"https:\/\/schema.org","@graph":[{"@type":"Article","@id":"https:\/\/inner-voices.net\/fr\/2010\/03\/10\/souhait-du-mercredi-a-quoi-souhaite-je-dire-non\/#article","isPartOf":{"@id":"https:\/\/inner-voices.net\/fr\/2010\/03\/10\/souhait-du-mercredi-a-quoi-souhaite-je-dire-non\/"},"author":{"name":"Nolwenn","@id":"https:\/\/inner-voices.net\/fr\/#\/schema\/person\/db0aa57810e3544bc1baf42aebe03ae6"},"headline":"Souhait du Mercredi: A quoi souhaite-je dire &quot;non&quot; ?","datePublished":"2010-03-10T18:58:02+00:00","dateModified":"2014-11-26T04:15:05+00:00","mainEntityOfPage":{"@id":"https:\/\/inner-voices.net\/fr\/2010\/03\/10\/souhait-du-mercredi-a-quoi-souhaite-je-dire-non\/"},"wordCount":242,"commentCount":9,"image":{"@id":"https:\/\/inner-voices.net\/fr\/2010\/03\/10\/souhait-du-mercredi-a-quoi-souhaite-je-dire-non\/#primaryimage"},"thumbnailUrl":"http:\/\/pulsion.inner-voices.net\/wp-content\/uploads\/2010\/03\/wishcasting.jpg","keywords":["Wishcasting Wednesday"],"articleSection":["Introspection","Souhait du Mercredi"],"inLanguage":"fr-FR","potentialAction":[{"@type":"CommentAction","name":"Comment","target":["https:\/\/inner-voices.net\/fr\/2010\/03\/10\/souhait-du-mercredi-a-quoi-souhaite-je-dire-non\/#respond"]}]},{"@type":"WebPage","@id":"https:\/\/inner-voices.net\/fr\/2010\/03\/10\/souhait-du-mercredi-a-quoi-souhaite-je-dire-non\/","url":"https:\/\/inner-voices.net\/fr\/2010\/03\/10\/souhait-du-mercredi-a-quoi-souhaite-je-dire-non\/","name":"Souhait du Mercredi: A quoi souhaite-je dire &quot;non&quot; ? - Voix interieures","isPartOf":{"@id":"https:\/\/inner-voices.net\/fr\/#website"},"primaryImageOfPage":{"@id":"https:\/\/inner-voices.net\/fr\/2010\/03\/10\/souhait-du-mercredi-a-quoi-souhaite-je-dire-non\/#primaryimage"},"image":{"@id":"https:\/\/inner-voices.net\/fr\/2010\/03\/10\/souhait-du-mercredi-a-quoi-souhaite-je-dire-non\/#primaryimage"},"thumbnailUrl":"http:\/\/pulsion.inner-voices.net\/wp-content\/uploads\/2010\/03\/wishcasting.jpg","datePublished":"2010-03-10T18:58:02+00:00","dateModified":"2014-11-26T04:15:05+00:00","author":{"@id":"https:\/\/inner-voices.net\/fr\/#\/schema\/person\/db0aa57810e3544bc1baf42aebe03ae6"},"breadcrumb":{"@id":"https:\/\/inner-voices.net\/fr\/2010\/03\/10\/souhait-du-mercredi-a-quoi-souhaite-je-dire-non\/#breadcrumb"},"inLanguage":"fr-FR","potentialAction":[{"@type":"ReadAction","target":["https:\/\/inner-voices.net\/fr\/2010\/03\/10\/souhait-du-mercredi-a-quoi-souhaite-je-dire-non\/"]}]},{"@type":"ImageObject","inLanguage":"fr-FR","@id":"https:\/\/inner-voices.net\/fr\/2010\/03\/10\/souhait-du-mercredi-a-quoi-souhaite-je-dire-non\/#primaryimage","url":"http:\/\/pulsion.inner-voices.net\/wp-content\/uploads\/2010\/03\/wishcasting.jpg","contentUrl":"http:\/\/pulsion.inner-voices.net\/wp-content\/uploads\/2010\/03\/wishcasting.jpg"},{"@type":"BreadcrumbList","@id":"https:\/\/inner-voices.net\/fr\/2010\/03\/10\/souhait-du-mercredi-a-quoi-souhaite-je-dire-non\/#breadcrumb","itemListElement":[{"@type":"ListItem","position":1,"name":"Home","item":"https:\/\/inner-voices.net\/fr\/"},{"@type":"ListItem","position":2,"name":"Souhait du Mercredi: A quoi souhaite-je dire &quot;non&quot; ?"}]},{"@type":"WebSite","@id":"https:\/\/inner-voices.net\/fr\/#website","url":"https:\/\/inner-voices.net\/fr\/","name":"Voix interieures","description":"Trouvez votre Voix Int\u00e9rieure \u00e0 travers la Cr\u00e9ativit\u00e9.","potentialAction":[{"@type":"SearchAction","target":{"@type":"EntryPoint","urlTemplate":"https:\/\/inner-voices.net\/fr\/?s={search_term_string}"},"query-input":{"@type":"PropertyValueSpecification","valueRequired":true,"valueName":"search_term_string"}}],"inLanguage":"fr-FR"},{"@type":"Person","@id":"https:\/\/inner-voices.net\/fr\/#\/schema\/person\/db0aa57810e3544bc1baf42aebe03ae6","name":"Nolwenn","image":{"@type":"ImageObject","inLanguage":"fr-FR","@id":"https:\/\/secure.gravatar.com\/avatar\/5e66a53a034a32f2b2a8eb010d24fdb1d67b068229796082fabc79ed886c7a8b?s=96&d=identicon&r=g","url":"https:\/\/secure.gravatar.com\/avatar\/5e66a53a034a32f2b2a8eb010d24fdb1d67b068229796082fabc79ed886c7a8b?s=96&d=identicon&r=g","contentUrl":"https:\/\/secure.gravatar.com\/avatar\/5e66a53a034a32f2b2a8eb010d24fdb1d67b068229796082fabc79ed886c7a8b?s=96&d=identicon&r=g","caption":"Nolwenn"},"sameAs":["http:\/\/inner-voices.net","http:\/\/www.instagram.com\/nolwennp","https:\/\/x.com\/nolwennp"],"url":"https:\/\/inner-voices.net\/fr\/author\/nolwenn\/"}]}},"_links":{"self":[{"href":"https:\/\/inner-voices.net\/fr\/wp-json\/wp\/v2\/posts\/1231","targetHints":{"allow":["GET"]}}],"collection":[{"href":"https:\/\/inner-voices.net\/fr\/wp-json\/wp\/v2\/posts"}],"about":[{"href":"https:\/\/inner-voices.net\/fr\/wp-json\/wp\/v2\/types\/post"}],"author":[{"embeddable":true,"href":"https:\/\/inner-voices.net\/fr\/wp-json\/wp\/v2\/users\/1"}],"replies":[{"embeddable":true,"href":"https:\/\/inner-voices.net\/fr\/wp-json\/wp\/v2\/comments?post=1231"}],"version-history":[{"count":1,"href":"https:\/\/inner-voices.net\/fr\/wp-json\/wp\/v2\/posts\/1231\/revisions"}],"predecessor-version":[{"id":2908,"href":"https:\/\/inner-voices.net\/fr\/wp-json\/wp\/v2\/posts\/1231\/revisions\/2908"}],"wp:attachment":[{"href":"https:\/\/inner-voices.net\/fr\/wp-json\/wp\/v2\/media?parent=1231"}],"wp:term":[{"taxonomy":"category","embeddable":true,"href":"https:\/\/inner-voices.net\/fr\/wp-json\/wp\/v2\/categories?post=1231"},{"taxonomy":"post_tag","embeddable":true,"href":"https:\/\/inner-voices.net\/fr\/wp-json\/wp\/v2\/tags?post=1231"}],"curies":[{"name":"wp","href":"https:\/\/api.w.org\/{rel}","templated":true}]}}