{"id":2283,"date":"2011-08-26T17:05:40","date_gmt":"2011-08-27T00:05:40","guid":{"rendered":"http:\/\/inner-voices.net\/fr\/?p=2283"},"modified":"2011-08-26T17:07:29","modified_gmt":"2011-08-27T00:07:29","slug":"quelques-pages-dart-journal","status":"publish","type":"post","link":"https:\/\/inner-voices.net\/fr\/2011\/08\/26\/quelques-pages-dart-journal\/","title":{"rendered":"Quelques pages d&#8217;Art Journal"},"content":{"rendered":"<p>Mercredi dernier, nous c\u00e9l\u00e9brions les 6 ans de notre fille a\u00een\u00e9e. Nous avons pass\u00e9 une journ\u00e9e tr\u00e8s agr\u00e9able et elle fut ravie. Je me remets doucement mais cela valait d\u00e9finitivement la peinte sachant que le soir, elle nous a dit &#8220;Parfois, j&#8217;aime tellement ma vie que j&#8217;en pleure&#8221;&#8230;<\/p>\n<p><a href=\"http:\/\/inner-voices.net\/wp-content\/uploads\/2011\/08\/goth.jpg\" class=\"wp_lightbox\" rel=\"post_2283\"><img decoding=\"async\" class=\"alignright size-medium wp-image-2649\" title=\"goth\" src=\"http:\/\/inner-voices.net\/wp-content\/uploads\/2011\/08\/goth-300x300.jpg\" alt=\"\" width=\"180\" height=\"180\" \/><\/a>Je devrais \u00eatre en train de travailler, la semaine de travail est pour moi termin\u00e9e (il est rare que je peigne durant le week-end, qui est consacr\u00e9 \u00e0 la famille). La peinture que j&#8217;ai faite cette semaine doit \u00eatre refaite, du moins le visage qui se passe de commentaire (cf photo \u00e0 droite). Nous sommes Vendredi, je n&#8217;ai pas cr\u00e9\u00e9 mes deux peintures pr\u00e9vues, et je sais que cela ne sera sans doute pas fait. J&#8217;ai mis du gesso sur tout le visage et les cheveux de cette toile, et y reviendrai; j&#8217;aimais beaucoup sa coiffure donc pense garder la forme g\u00e9n\u00e9rale et refaire tout le reste ! J&#8217;apprends \u00e0 vivre un jour \u00e0 la fois, \u00e0 ralentir alors que je voudrais acc\u00e9l\u00e9rer la cadence&#8230;<\/p>\n<p>Alors au lieu de culpabiliser comme je l&#8217;aurais fait avant, je prends mon journal et je fais un peu ici et l\u00e0. Sans volont\u00e9 d&#8217;absolument devoir finir la page le jour m\u00eame. Croyez-moi, cela n&#8217;est pas du tout dans ma fa\u00e7on de proc\u00e9der habituelle, car j&#8217;aime finir ce que je commence assez rapidement. J&#8217;ai commenc\u00e9 un nouvel Art journal (le #5). J&#8217;ai d\u00e9cid\u00e9 de finalement essay\u00e9 le fameux <em><strong>Visual Journal Strathmore<\/strong><\/em> (Strathmore \u00e9tant la marque), que tout le monde semble adorer et dit du bien; j&#8217;utilise le plus grand. Et je dois dire que c&#8217;est vraiment un bon journal. Le papier est un fini velum (on a plusieurs options quant au papier, leur gamme de Visual Journal est assez grande !) donc il est doux, il est suffisamment \u00e9pais pour accueillir collage, peinture, aquarelle (ils ont un journal sp\u00e9cifique pour cette derni\u00e8re, \u00e0 savoir). Par contre, il est \u00e0 spirales et je n&#8217;en ai plus l&#8217;habitude&#8230; mais \u00e9trangement, j&#8217;appr\u00e9cie de travailler sur une page simple plut\u00f4t qu&#8217;une double page (m\u00eame si j&#8217;aime beaucoup cela et me demande comment je vais faire).<\/p>\n<p>Voici la premi\u00e8re page, je voulais quelque chose avec un fort message pour moi:<\/p>\n<p><a href=\"http:\/\/inner-voices.net\/wp-content\/uploads\/2011\/08\/1pagejournal5.jpg\" class=\"wp_lightbox\" rel=\"post_2283\"><img decoding=\"async\" class=\"aligncenter size-medium wp-image-2650\" title=\"1pagejournal5\" src=\"http:\/\/inner-voices.net\/wp-content\/uploads\/2011\/08\/1pagejournal5-300x300.jpg\" alt=\"\" width=\"300\" height=\"300\" \/><\/a>La premi\u00e8re \u00e9tape fut de peindre le fond avec de l&#8217;acrylique apr\u00e8s l&#8217;avoir couvert de gesso (et laiss\u00e9 s\u00e9cher). J&#8217;ai ensuite utilis\u00e9 un des pochoirs par <strong><em>Julie Fei-Fan Balzer <\/em><\/strong>(en collaboration avec <strong><em>The Crafter&#8217;s Workshop<\/em><\/strong>) avec des <em><strong><em><strong>Starburst sprays <\/strong><\/em><\/strong><\/em>de <em><strong>Lindy Stamp Gang&#8217;s <\/strong><\/em>. Cela a un peu coul\u00e9 sous le pochoir malgr\u00e9 mes pr\u00e9cautions de bien scotcher le tour. Mais cela ne me d\u00e9range pas.<\/p>\n<p>Ensuite, j&#8217;ai choisi une photo auto-portrait qui reflettait ce que je voulais pour ma page et ai d\u00e9chir\u00e9 les bords au lieu de les couper aux ciseaux.<\/p>\n<p>J&#8217;ai coll\u00e9 des boutons ici et l\u00e0 autour de la photo&#8230; avec mon pistolet \u00e0 colle. Je me suis br\u00fbl\u00e9e deux fois, je peux vous assurer que cela fait TRES mal. Il y avait un bout de tissus qui trainait l\u00e0 dont je l&#8217;y ai mis \u00e9galement. Aucune raison logique \u00e0 cela.<\/p>\n<p>Et pour finir, j&#8217;ai \u00e9crit avec de l&#8217;encre de Chine noire et color\u00e9e.<\/p>\n<p>Assez simple donc. Mais j&#8217;adore cette premi\u00e8re page !<\/p>\n<p><a href=\"http:\/\/farm7.static.flickr.com\/6188\/6070608121_12e060a1e2.jpg\" class=\"wp_lightbox\" rel=\"post_2283\"><img decoding=\"async\" class=\"alignleft\" title=\"art table\" src=\"http:\/\/farm7.static.flickr.com\/6188\/6070608121_12e060a1e2.jpg\" alt=\"\" width=\"210\" height=\"210\" \/><\/a>Vous pouvez voir ici un aper\u00e7u de la page au verso. Des tons un peu d&#8217;automne, qui approche malgr\u00e9 tout. Je gribouillais en regardant <em>Arthur et les Minimoys<\/em> (que nous avons appr\u00e9ci\u00e9 en famille&#8230; trouver le 2 et 3 maintenant) J&#8217;ai donc essay\u00e9 un nouveau visage et un semblant de corps. J&#8217;ai, un autre jour, \u00e9crit des pens\u00e9es dans ses cheveux avec mon porte-plume et de l&#8217;encre de Chine.<\/p>\n<p>Comme vous pouvez le voir, je ne me suis pas vraiment souci\u00e9e du fond. J&#8217;ai juste \u00e9tal\u00e9 deux couleurs de peinture avec mon rouleau, et pour je ne sais pas quelle raison, elles ne se sont pas m\u00e9lang\u00e9es comme d&#8217;habitude.<\/p>\n<p>Je gal\u00e8re toujours plus ou moins avec mes visages. Peut-\u00eatre suis-je trop exigeante enversmes cr\u00e9ations, je ne sais pas. J&#8217;envie les gens qui semblent dessiner si facilement, avec autant d&#8217;aisance. Je sais pertinament que ce n&#8217;est pas une bonne chose \u00e0 faire, comparer. Mais les miens, de dessins, ne semblent pas finis, pas professionnels. Ne valent pas l&#8217;argent des gens. Oui oui, je sais&#8230;&#8230;..<br \/>\nJ&#8217;exp\u00e9riment donc. Je ne suis d\u00e9finitivement pas une artiste r\u00e9aliste, et cela me va autant que parfois cela me frustre. Je creuse donc encore et toujours pour trouver ce qui manque, approfondir ce qui me pla\u00eet, et d\u00e9finir un peu plus encore ce qu&#8217;est mon style. J&#8217;adore malgr\u00e9 tout ce que je cr\u00e9\u00e9 et les messages qui passent \u00e0 travers moi !<\/p>\n<p>J&#8217;aime beaucoup regarder le travail d&#8217;aquarelle des autres artistes. C&#8217;est un medium que je n&#8217;utilise pas, ou alors que je d\u00e9vie de son utilisation originelle. Certaines cr\u00e9ations sont tout simplement STUP\u00c9FIANTES !!! La classe d&#8217;Alisa Burke sur le sujet est d\u00e9finitivement sur ma liste d&#8217;atelier \u00e0 suivre un prochainement. Je m&#8217;amuse donc juste; mettant de l&#8217;eau ici et l\u00e0 puis ajoutant de la couleur. Voyez:<\/p>\n<p><img decoding=\"async\" class=\"aligncenter\" title=\"watercolor face\" src=\"http:\/\/farm7.static.flickr.com\/6067\/6081173060_4df2d9260b_m.jpg\" alt=\"\" width=\"240\" height=\"240\" \/><\/p>\n<p>Ce n&#8217;est pas du grand art, loin de l\u00e0, mais apr\u00e8s tout c&#8217;est mon journal et il est l\u00e0 pour supporter toutes mes exp\u00e9rimentations \ud83d\ude09 Je me suis amus\u00e9e et j&#8217;en avais <em>vraiment<\/em> besoin.<\/p>\n<p>Je n&#8217;ai pas encore de photos des deux autres pages en cours. Mais je partagerai d\u00e8s que possible&#8230; Si vous me suivez sur flickR ou Facebook, vous en avez des aper\u00e7us :p<\/p>\n<p>Je vous souhaite un excellent week-end !<\/p>\n","protected":false},"excerpt":{"rendered":"<p>Mercredi dernier, nous c\u00e9l\u00e9brions les 6 ans de notre fille a\u00een\u00e9e. Nous avons pass\u00e9 une journ\u00e9e tr\u00e8s agr\u00e9able et elle fut ravie. Je me remets doucement mais cela valait d\u00e9finitivement la peinte sachant que le soir, elle nous a dit &#8220;Parfois, j&#8217;aime tellement ma vie que j&#8217;en pleure&#8221;&#8230; Je devrais \u00eatre en train de travailler, &#8230;<\/p>\n","protected":false},"author":1,"featured_media":0,"comment_status":"open","ping_status":"open","sticky":false,"template":"","format":"standard","meta":{"qubely_global_settings":"","qubely_interactions":"","_monsterinsights_skip_tracking":false,"_monsterinsights_sitenote_active":false,"_monsterinsights_sitenote_note":"","_monsterinsights_sitenote_category":0,"footnotes":""},"categories":[29,107,35],"tags":[232,245,112],"class_list":["post-2283","post","type-post","status-publish","format-standard","hentry","category-art-therapie","category-etre","category-journal-creatif","tag-art-therapie","tag-etre","tag-journal"],"qubely_featured_image_url":null,"qubely_author":{"display_name":"Nolwenn","author_link":"https:\/\/inner-voices.net\/fr\/author\/nolwenn\/"},"qubely_comment":0,"qubely_category":"<a href=\"https:\/\/inner-voices.net\/fr\/category\/art-therapie\/\" rel=\"category tag\">Art-Th\u00e9rapie<\/a> <a href=\"https:\/\/inner-voices.net\/fr\/category\/etre\/\" rel=\"category tag\">\u00catre<\/a> <a href=\"https:\/\/inner-voices.net\/fr\/category\/creativite\/journal-creatif\/\" rel=\"category tag\">Journal Cr\u00e9atif<\/a>","qubely_excerpt":"Mercredi dernier, nous c\u00e9l\u00e9brions les 6 ans de notre fille a\u00een\u00e9e. Nous avons pass\u00e9 une journ\u00e9e tr\u00e8s agr\u00e9able et elle fut ravie. Je me remets doucement mais cela valait d\u00e9finitivement la peinte sachant que le soir, elle nous a dit &#8220;Parfois, j&#8217;aime tellement ma vie que j&#8217;en pleure&#8221;&#8230; Je devrais \u00eatre en train de travailler,&hellip;","yoast_head":"<!-- This site is optimized with the Yoast SEO plugin v27.5 - https:\/\/yoast.com\/product\/yoast-seo-wordpress\/ -->\n<title>Quelques pages d&#039;Art Journal - Voix interieures<\/title>\n<meta name=\"robots\" content=\"index, follow, max-snippet:-1, max-image-preview:large, max-video-preview:-1\" \/>\n<link rel=\"canonical\" href=\"https:\/\/inner-voices.net\/fr\/2011\/08\/26\/quelques-pages-dart-journal\/\" \/>\n<meta property=\"og:locale\" content=\"fr_FR\" \/>\n<meta property=\"og:type\" content=\"article\" \/>\n<meta property=\"og:title\" content=\"Quelques pages d&#039;Art Journal - Voix interieures\" \/>\n<meta property=\"og:description\" content=\"Mercredi dernier, nous c\u00e9l\u00e9brions les 6 ans de notre fille a\u00een\u00e9e. Nous avons pass\u00e9 une journ\u00e9e tr\u00e8s agr\u00e9able et elle fut ravie. Je me remets doucement mais cela valait d\u00e9finitivement la peinte sachant que le soir, elle nous a dit &#8220;Parfois, j&#8217;aime tellement ma vie que j&#8217;en pleure&#8221;&#8230; Je devrais \u00eatre en train de travailler, ...\" \/>\n<meta property=\"og:url\" content=\"https:\/\/inner-voices.net\/fr\/2011\/08\/26\/quelques-pages-dart-journal\/\" \/>\n<meta property=\"og:site_name\" content=\"Voix interieures\" \/>\n<meta property=\"article:published_time\" content=\"2011-08-27T00:05:40+00:00\" \/>\n<meta property=\"article:modified_time\" content=\"2011-08-27T00:07:29+00:00\" \/>\n<meta property=\"og:image\" content=\"http:\/\/inner-voices.net\/wp-content\/uploads\/2011\/08\/goth-300x300.jpg\" \/>\n<meta name=\"author\" content=\"Nolwenn\" \/>\n<meta name=\"twitter:card\" content=\"summary_large_image\" \/>\n<meta name=\"twitter:creator\" content=\"@nolwennp\" \/>\n<meta name=\"twitter:label1\" content=\"Written by\" \/>\n\t<meta name=\"twitter:data1\" content=\"Nolwenn\" \/>\n\t<meta name=\"twitter:label2\" content=\"Est. reading time\" \/>\n\t<meta name=\"twitter:data2\" content=\"5 minutes\" \/>\n<script type=\"application\/ld+json\" class=\"yoast-schema-graph\">{\"@context\":\"https:\\\/\\\/schema.org\",\"@graph\":[{\"@type\":\"Article\",\"@id\":\"https:\\\/\\\/inner-voices.net\\\/fr\\\/2011\\\/08\\\/26\\\/quelques-pages-dart-journal\\\/#article\",\"isPartOf\":{\"@id\":\"https:\\\/\\\/inner-voices.net\\\/fr\\\/2011\\\/08\\\/26\\\/quelques-pages-dart-journal\\\/\"},\"author\":{\"name\":\"Nolwenn\",\"@id\":\"https:\\\/\\\/inner-voices.net\\\/fr\\\/#\\\/schema\\\/person\\\/db0aa57810e3544bc1baf42aebe03ae6\"},\"headline\":\"Quelques pages d&#8217;Art Journal\",\"datePublished\":\"2011-08-27T00:05:40+00:00\",\"dateModified\":\"2011-08-27T00:07:29+00:00\",\"mainEntityOfPage\":{\"@id\":\"https:\\\/\\\/inner-voices.net\\\/fr\\\/2011\\\/08\\\/26\\\/quelques-pages-dart-journal\\\/\"},\"wordCount\":945,\"commentCount\":0,\"image\":{\"@id\":\"https:\\\/\\\/inner-voices.net\\\/fr\\\/2011\\\/08\\\/26\\\/quelques-pages-dart-journal\\\/#primaryimage\"},\"thumbnailUrl\":\"http:\\\/\\\/inner-voices.net\\\/wp-content\\\/uploads\\\/2011\\\/08\\\/goth-300x300.jpg\",\"keywords\":[\"Art-Th\u00e9rapie\",\"\u00catre\",\"Journal\"],\"articleSection\":[\"Art-Th\u00e9rapie\",\"\u00catre\",\"Journal Cr\u00e9atif\"],\"inLanguage\":\"fr-FR\",\"potentialAction\":[{\"@type\":\"CommentAction\",\"name\":\"Comment\",\"target\":[\"https:\\\/\\\/inner-voices.net\\\/fr\\\/2011\\\/08\\\/26\\\/quelques-pages-dart-journal\\\/#respond\"]}]},{\"@type\":\"WebPage\",\"@id\":\"https:\\\/\\\/inner-voices.net\\\/fr\\\/2011\\\/08\\\/26\\\/quelques-pages-dart-journal\\\/\",\"url\":\"https:\\\/\\\/inner-voices.net\\\/fr\\\/2011\\\/08\\\/26\\\/quelques-pages-dart-journal\\\/\",\"name\":\"Quelques pages d'Art Journal - Voix interieures\",\"isPartOf\":{\"@id\":\"https:\\\/\\\/inner-voices.net\\\/fr\\\/#website\"},\"primaryImageOfPage\":{\"@id\":\"https:\\\/\\\/inner-voices.net\\\/fr\\\/2011\\\/08\\\/26\\\/quelques-pages-dart-journal\\\/#primaryimage\"},\"image\":{\"@id\":\"https:\\\/\\\/inner-voices.net\\\/fr\\\/2011\\\/08\\\/26\\\/quelques-pages-dart-journal\\\/#primaryimage\"},\"thumbnailUrl\":\"http:\\\/\\\/inner-voices.net\\\/wp-content\\\/uploads\\\/2011\\\/08\\\/goth-300x300.jpg\",\"datePublished\":\"2011-08-27T00:05:40+00:00\",\"dateModified\":\"2011-08-27T00:07:29+00:00\",\"author\":{\"@id\":\"https:\\\/\\\/inner-voices.net\\\/fr\\\/#\\\/schema\\\/person\\\/db0aa57810e3544bc1baf42aebe03ae6\"},\"breadcrumb\":{\"@id\":\"https:\\\/\\\/inner-voices.net\\\/fr\\\/2011\\\/08\\\/26\\\/quelques-pages-dart-journal\\\/#breadcrumb\"},\"inLanguage\":\"fr-FR\",\"potentialAction\":[{\"@type\":\"ReadAction\",\"target\":[\"https:\\\/\\\/inner-voices.net\\\/fr\\\/2011\\\/08\\\/26\\\/quelques-pages-dart-journal\\\/\"]}]},{\"@type\":\"ImageObject\",\"inLanguage\":\"fr-FR\",\"@id\":\"https:\\\/\\\/inner-voices.net\\\/fr\\\/2011\\\/08\\\/26\\\/quelques-pages-dart-journal\\\/#primaryimage\",\"url\":\"http:\\\/\\\/inner-voices.net\\\/wp-content\\\/uploads\\\/2011\\\/08\\\/goth-300x300.jpg\",\"contentUrl\":\"http:\\\/\\\/inner-voices.net\\\/wp-content\\\/uploads\\\/2011\\\/08\\\/goth-300x300.jpg\"},{\"@type\":\"BreadcrumbList\",\"@id\":\"https:\\\/\\\/inner-voices.net\\\/fr\\\/2011\\\/08\\\/26\\\/quelques-pages-dart-journal\\\/#breadcrumb\",\"itemListElement\":[{\"@type\":\"ListItem\",\"position\":1,\"name\":\"Home\",\"item\":\"https:\\\/\\\/inner-voices.net\\\/fr\\\/\"},{\"@type\":\"ListItem\",\"position\":2,\"name\":\"Quelques pages d&#8217;Art Journal\"}]},{\"@type\":\"WebSite\",\"@id\":\"https:\\\/\\\/inner-voices.net\\\/fr\\\/#website\",\"url\":\"https:\\\/\\\/inner-voices.net\\\/fr\\\/\",\"name\":\"Voix interieures\",\"description\":\"Trouvez votre Voix Int\u00e9rieure \u00e0 travers la Cr\u00e9ativit\u00e9.\",\"potentialAction\":[{\"@type\":\"SearchAction\",\"target\":{\"@type\":\"EntryPoint\",\"urlTemplate\":\"https:\\\/\\\/inner-voices.net\\\/fr\\\/?s={search_term_string}\"},\"query-input\":{\"@type\":\"PropertyValueSpecification\",\"valueRequired\":true,\"valueName\":\"search_term_string\"}}],\"inLanguage\":\"fr-FR\"},{\"@type\":\"Person\",\"@id\":\"https:\\\/\\\/inner-voices.net\\\/fr\\\/#\\\/schema\\\/person\\\/db0aa57810e3544bc1baf42aebe03ae6\",\"name\":\"Nolwenn\",\"image\":{\"@type\":\"ImageObject\",\"inLanguage\":\"fr-FR\",\"@id\":\"https:\\\/\\\/secure.gravatar.com\\\/avatar\\\/5e66a53a034a32f2b2a8eb010d24fdb1d67b068229796082fabc79ed886c7a8b?s=96&d=identicon&r=g\",\"url\":\"https:\\\/\\\/secure.gravatar.com\\\/avatar\\\/5e66a53a034a32f2b2a8eb010d24fdb1d67b068229796082fabc79ed886c7a8b?s=96&d=identicon&r=g\",\"contentUrl\":\"https:\\\/\\\/secure.gravatar.com\\\/avatar\\\/5e66a53a034a32f2b2a8eb010d24fdb1d67b068229796082fabc79ed886c7a8b?s=96&d=identicon&r=g\",\"caption\":\"Nolwenn\"},\"sameAs\":[\"http:\\\/\\\/inner-voices.net\",\"http:\\\/\\\/www.instagram.com\\\/nolwennp\",\"https:\\\/\\\/x.com\\\/nolwennp\"],\"url\":\"https:\\\/\\\/inner-voices.net\\\/fr\\\/author\\\/nolwenn\\\/\"}]}<\/script>\n<!-- \/ Yoast SEO plugin. -->","yoast_head_json":{"title":"Quelques pages d'Art Journal - Voix interieures","robots":{"index":"index","follow":"follow","max-snippet":"max-snippet:-1","max-image-preview":"max-image-preview:large","max-video-preview":"max-video-preview:-1"},"canonical":"https:\/\/inner-voices.net\/fr\/2011\/08\/26\/quelques-pages-dart-journal\/","og_locale":"fr_FR","og_type":"article","og_title":"Quelques pages d'Art Journal - Voix interieures","og_description":"Mercredi dernier, nous c\u00e9l\u00e9brions les 6 ans de notre fille a\u00een\u00e9e. Nous avons pass\u00e9 une journ\u00e9e tr\u00e8s agr\u00e9able et elle fut ravie. Je me remets doucement mais cela valait d\u00e9finitivement la peinte sachant que le soir, elle nous a dit &#8220;Parfois, j&#8217;aime tellement ma vie que j&#8217;en pleure&#8221;&#8230; Je devrais \u00eatre en train de travailler, ...","og_url":"https:\/\/inner-voices.net\/fr\/2011\/08\/26\/quelques-pages-dart-journal\/","og_site_name":"Voix interieures","article_published_time":"2011-08-27T00:05:40+00:00","article_modified_time":"2011-08-27T00:07:29+00:00","og_image":[{"url":"http:\/\/inner-voices.net\/wp-content\/uploads\/2011\/08\/goth-300x300.jpg","type":"","width":"","height":""}],"author":"Nolwenn","twitter_card":"summary_large_image","twitter_creator":"@nolwennp","twitter_misc":{"Written by":"Nolwenn","Est. reading time":"5 minutes"},"schema":{"@context":"https:\/\/schema.org","@graph":[{"@type":"Article","@id":"https:\/\/inner-voices.net\/fr\/2011\/08\/26\/quelques-pages-dart-journal\/#article","isPartOf":{"@id":"https:\/\/inner-voices.net\/fr\/2011\/08\/26\/quelques-pages-dart-journal\/"},"author":{"name":"Nolwenn","@id":"https:\/\/inner-voices.net\/fr\/#\/schema\/person\/db0aa57810e3544bc1baf42aebe03ae6"},"headline":"Quelques pages d&#8217;Art Journal","datePublished":"2011-08-27T00:05:40+00:00","dateModified":"2011-08-27T00:07:29+00:00","mainEntityOfPage":{"@id":"https:\/\/inner-voices.net\/fr\/2011\/08\/26\/quelques-pages-dart-journal\/"},"wordCount":945,"commentCount":0,"image":{"@id":"https:\/\/inner-voices.net\/fr\/2011\/08\/26\/quelques-pages-dart-journal\/#primaryimage"},"thumbnailUrl":"http:\/\/inner-voices.net\/wp-content\/uploads\/2011\/08\/goth-300x300.jpg","keywords":["Art-Th\u00e9rapie","\u00catre","Journal"],"articleSection":["Art-Th\u00e9rapie","\u00catre","Journal Cr\u00e9atif"],"inLanguage":"fr-FR","potentialAction":[{"@type":"CommentAction","name":"Comment","target":["https:\/\/inner-voices.net\/fr\/2011\/08\/26\/quelques-pages-dart-journal\/#respond"]}]},{"@type":"WebPage","@id":"https:\/\/inner-voices.net\/fr\/2011\/08\/26\/quelques-pages-dart-journal\/","url":"https:\/\/inner-voices.net\/fr\/2011\/08\/26\/quelques-pages-dart-journal\/","name":"Quelques pages d'Art Journal - Voix interieures","isPartOf":{"@id":"https:\/\/inner-voices.net\/fr\/#website"},"primaryImageOfPage":{"@id":"https:\/\/inner-voices.net\/fr\/2011\/08\/26\/quelques-pages-dart-journal\/#primaryimage"},"image":{"@id":"https:\/\/inner-voices.net\/fr\/2011\/08\/26\/quelques-pages-dart-journal\/#primaryimage"},"thumbnailUrl":"http:\/\/inner-voices.net\/wp-content\/uploads\/2011\/08\/goth-300x300.jpg","datePublished":"2011-08-27T00:05:40+00:00","dateModified":"2011-08-27T00:07:29+00:00","author":{"@id":"https:\/\/inner-voices.net\/fr\/#\/schema\/person\/db0aa57810e3544bc1baf42aebe03ae6"},"breadcrumb":{"@id":"https:\/\/inner-voices.net\/fr\/2011\/08\/26\/quelques-pages-dart-journal\/#breadcrumb"},"inLanguage":"fr-FR","potentialAction":[{"@type":"ReadAction","target":["https:\/\/inner-voices.net\/fr\/2011\/08\/26\/quelques-pages-dart-journal\/"]}]},{"@type":"ImageObject","inLanguage":"fr-FR","@id":"https:\/\/inner-voices.net\/fr\/2011\/08\/26\/quelques-pages-dart-journal\/#primaryimage","url":"http:\/\/inner-voices.net\/wp-content\/uploads\/2011\/08\/goth-300x300.jpg","contentUrl":"http:\/\/inner-voices.net\/wp-content\/uploads\/2011\/08\/goth-300x300.jpg"},{"@type":"BreadcrumbList","@id":"https:\/\/inner-voices.net\/fr\/2011\/08\/26\/quelques-pages-dart-journal\/#breadcrumb","itemListElement":[{"@type":"ListItem","position":1,"name":"Home","item":"https:\/\/inner-voices.net\/fr\/"},{"@type":"ListItem","position":2,"name":"Quelques pages d&#8217;Art Journal"}]},{"@type":"WebSite","@id":"https:\/\/inner-voices.net\/fr\/#website","url":"https:\/\/inner-voices.net\/fr\/","name":"Voix interieures","description":"Trouvez votre Voix Int\u00e9rieure \u00e0 travers la Cr\u00e9ativit\u00e9.","potentialAction":[{"@type":"SearchAction","target":{"@type":"EntryPoint","urlTemplate":"https:\/\/inner-voices.net\/fr\/?s={search_term_string}"},"query-input":{"@type":"PropertyValueSpecification","valueRequired":true,"valueName":"search_term_string"}}],"inLanguage":"fr-FR"},{"@type":"Person","@id":"https:\/\/inner-voices.net\/fr\/#\/schema\/person\/db0aa57810e3544bc1baf42aebe03ae6","name":"Nolwenn","image":{"@type":"ImageObject","inLanguage":"fr-FR","@id":"https:\/\/secure.gravatar.com\/avatar\/5e66a53a034a32f2b2a8eb010d24fdb1d67b068229796082fabc79ed886c7a8b?s=96&d=identicon&r=g","url":"https:\/\/secure.gravatar.com\/avatar\/5e66a53a034a32f2b2a8eb010d24fdb1d67b068229796082fabc79ed886c7a8b?s=96&d=identicon&r=g","contentUrl":"https:\/\/secure.gravatar.com\/avatar\/5e66a53a034a32f2b2a8eb010d24fdb1d67b068229796082fabc79ed886c7a8b?s=96&d=identicon&r=g","caption":"Nolwenn"},"sameAs":["http:\/\/inner-voices.net","http:\/\/www.instagram.com\/nolwennp","https:\/\/x.com\/nolwennp"],"url":"https:\/\/inner-voices.net\/fr\/author\/nolwenn\/"}]}},"_links":{"self":[{"href":"https:\/\/inner-voices.net\/fr\/wp-json\/wp\/v2\/posts\/2283","targetHints":{"allow":["GET"]}}],"collection":[{"href":"https:\/\/inner-voices.net\/fr\/wp-json\/wp\/v2\/posts"}],"about":[{"href":"https:\/\/inner-voices.net\/fr\/wp-json\/wp\/v2\/types\/post"}],"author":[{"embeddable":true,"href":"https:\/\/inner-voices.net\/fr\/wp-json\/wp\/v2\/users\/1"}],"replies":[{"embeddable":true,"href":"https:\/\/inner-voices.net\/fr\/wp-json\/wp\/v2\/comments?post=2283"}],"version-history":[{"count":4,"href":"https:\/\/inner-voices.net\/fr\/wp-json\/wp\/v2\/posts\/2283\/revisions"}],"predecessor-version":[{"id":2286,"href":"https:\/\/inner-voices.net\/fr\/wp-json\/wp\/v2\/posts\/2283\/revisions\/2286"}],"wp:attachment":[{"href":"https:\/\/inner-voices.net\/fr\/wp-json\/wp\/v2\/media?parent=2283"}],"wp:term":[{"taxonomy":"category","embeddable":true,"href":"https:\/\/inner-voices.net\/fr\/wp-json\/wp\/v2\/categories?post=2283"},{"taxonomy":"post_tag","embeddable":true,"href":"https:\/\/inner-voices.net\/fr\/wp-json\/wp\/v2\/tags?post=2283"}],"curies":[{"name":"wp","href":"https:\/\/api.w.org\/{rel}","templated":true}]}}